{"id":24405,"date":"2019-05-08T15:46:52","date_gmt":"2019-05-08T12:46:52","guid":{"rendered":"http:\/\/vik-composite.com\/?p=24405"},"modified":"2021-06-29T15:20:42","modified_gmt":"2021-06-29T12:20:42","slug":"nous-vous-invitons-de-visiter-un-seminaire-cpd-consacre-aux-equipements-de-reparation-des-elements-composites","status":"publish","type":"post","link":"https:\/\/vik-composite.com\/fr\/2019\/05\/08\/nous-vous-invitons-de-visiter-un-seminaire-cpd-consacre-aux-equipements-de-reparation-des-elements-composites\/","title":{"rendered":"Nous vous invitons de visiter un s\u00e9minaire CPD consacr\u00e9 aux \u00e9quipements de r\u00e9paration des \u00e9l\u00e9ments composites"},"content":{"rendered":"<h2>Nous vous invitons de visiter un s\u00e9minaire CPD consacr\u00e9 aux \u00e9quipements de r\u00e9paration des \u00e9l\u00e9ments composites<\/h2>\n<p>8 mai 2019<\/p>\n<p>Chers Clients et Partenaires!<\/p>\n<p>Nous sommes heureux de vous informer que GMI Aero avec l\u2019Association Europ\u00e9enne Scientifique a\u00e9ronautique (EASN)organisent un s\u00e9minaire CPD de 2 jours consacr\u00e9 \u00e0 la \u00abR\u00e9paration des composites coll\u00e9s des structures a\u00e9ronautiques\u00a0: D\u00e9fis\u00a0contemporains et Derni\u00e8res innovations\u00bb.<\/p>\n<p>Outre les repr\u00e9sentants de companies responsables de recherche et de production, ce s\u00e9minaire sera visit\u00e9 par les employ\u00e9s du service clients et les repr\u00e9sentants de KLM responsables de la conception, r\u00e9paration et d\u00e9veloppement de structures a\u00e9ronautiques.<\/p>\n<p>Les participants recevront un Certificat de Pr\u00e9sence mis en valeur par le label de qualit\u00e9 de l\u2019Association EASN. Les participants auront \u00e9galement la possibilit\u00e9 optionnelle de visiter le salon a\u00e9ronautique de Bourget pour la date r\u00e9serv\u00e9e aux Professionnels (20\/6).<\/p>\n<p>VIK-COMPOSITE GmbH, le distributeur officiel de GMI Aero vous invite \u00e0 participer \u00e0 cet \u00e9v\u00e9nement\u00a0!<\/p>\n<p>Pour obtenir plus d\u2019information, consultez le site\u00a0:<\/p>\n<p>www.easn-tis.com\/cpd<\/p>\n","protected":false},"excerpt":{"rendered":"Chers Clients et Partenaires!  Nous vous invitons \u00e0 visiter un s\u00e9minaire CPD de 2 jours consacr\u00e9 aux \u00e9quipements de r\u00e9paration des \u00e9l\u00e9ments composites qui aura lieu \u00e0 Paris du 18 au 20 juin pendant le Bourget Aerospace Salon 2019.","protected":false},"author":1,"featured_media":0,"comment_status":"closed","ping_status":"closed","sticky":false,"template":"","format":"standard","meta":[],"categories":[44],"tags":[],"acf":[],"_links":{"self":[{"href":"https:\/\/vik-composite.com\/fr\/wp-json\/wp\/v2\/posts\/24405\/"}],"collection":[{"href":"https:\/\/vik-composite.com\/fr\/wp-json\/wp\/v2\/posts\/"}],"about":[{"href":"https:\/\/vik-composite.com\/fr\/wp-json\/wp\/v2\/types\/post\/"}],"author":[{"embeddable":true,"href":"https:\/\/vik-composite.com\/fr\/wp-json\/wp\/v2\/users\/1\/"}],"replies":[{"embeddable":true,"href":"https:\/\/vik-composite.com\/fr\/wp-json\/wp\/v2\/comments\/?post=24405"}],"version-history":[{"count":0,"href":"https:\/\/vik-composite.com\/fr\/wp-json\/wp\/v2\/posts\/24405\/revisions\/"}],"wp:attachment":[{"href":"https:\/\/vik-composite.com\/fr\/wp-json\/wp\/v2\/media\/?parent=24405"}],"wp:term":[{"taxonomy":"category","embeddable":true,"href":"https:\/\/vik-composite.com\/fr\/wp-json\/wp\/v2\/categories\/?post=24405"},{"taxonomy":"post_tag","embeddable":true,"href":"https:\/\/vik-composite.com\/fr\/wp-json\/wp\/v2\/tags\/?post=24405"}],"curies":[{"name":"wp","href":"https:\/\/api.w.org\/{rel}","templated":true}]}}